{"id":17943,"date":"2023-06-30T15:12:44","date_gmt":"2023-06-30T19:12:44","guid":{"rendered":"https:\/\/paellamarisol.com\/blog\/2023\/06\/30\/12-festivals-in-quebec-and-the-surrounding-areas-not-to-be-missed-this-summer\/"},"modified":"2023-06-30T15:18:33","modified_gmt":"2023-06-30T19:18:33","slug":"festivals-in-quebec-blog","status":"publish","type":"post","link":"https:\/\/paellamarisol.com\/en\/blog\/2023\/06\/30\/festivals-in-quebec-blog\/","title":{"rendered":"12 festivals in Quebec and the surrounding areas not to be missed this summer!"},"content":{"rendered":"\n<p>Do you have a festive spirit like us at Paella Marisol? We present to you our selection of vibrant events for the summer season of 2023. The festivals of Quebec and the surrounding areas offer a multitude of captivating experiences, transporting festival-goers into a whirlwind of music, art, and contagious joy.<\/p>\n\n\n\n<h2 class=\"wp-block-heading\">The festivals in Quebec and the surrounding areas.<\/h2>\n\n\n\n<h2 class=\"wp-block-heading\">1. <strong>Les Premiers Vendredis<\/strong><\/h2>\n\n\n\n<figure class=\"wp-block-image size-full is-resized\"><a href=\"https:\/\/paellamarisol.com\/en\/\"><img fetchpriority=\"high\" decoding=\"async\" src=\"https:\/\/paellamarisol.com\/wp-content\/uploads\/2023\/06\/PREMIERSVENDREDISMTL_02082019_BrunoDestombes_007.jpg\" alt=\"Paella Marisol at Premiers Vendredis\" class=\"wp-image-17918\" width=\"840\" height=\"476\" srcset=\"https:\/\/paellamarisol.com\/wp-content\/uploads\/2023\/06\/PREMIERSVENDREDISMTL_02082019_BrunoDestombes_007.jpg 1920w, https:\/\/paellamarisol.com\/wp-content\/uploads\/2023\/06\/PREMIERSVENDREDISMTL_02082019_BrunoDestombes_007-500x284.jpg 500w, https:\/\/paellamarisol.com\/wp-content\/uploads\/2023\/06\/PREMIERSVENDREDISMTL_02082019_BrunoDestombes_007-768x436.jpg 768w, https:\/\/paellamarisol.com\/wp-content\/uploads\/2023\/06\/PREMIERSVENDREDISMTL_02082019_BrunoDestombes_007-1536x872.jpg 1536w, https:\/\/paellamarisol.com\/wp-content\/uploads\/2023\/06\/PREMIERSVENDREDISMTL_02082019_BrunoDestombes_007-600x341.jpg 600w\" sizes=\"(max-width: 840px) 100vw, 840px\" \/><\/a><\/figure>\n\n\n\n<p>Every first Friday of the month, 50 food trucks gather at the Esplanade of the Olympic Park. This festival is recognized as the largest gathering of street food in Canada! This is your chance to discover a multitude of cultural flavors all in one place!<\/p>\n\n\n\n<p>Join us on June 2nd, July 7th, August 4th-6th, September 1st, and October 6th <br>For more informations: <a href=\"https:\/\/www.lespremiersvendredis.ca\/\" target=\"_blank\" rel=\"noopener\">Les Premiers Vendredis<\/a><\/p>\n\n\n\n<h2 class=\"wp-block-heading\">2. <strong>StreetFood Montr\u00e9al<\/strong><\/h2>\n\n\n\n<figure class=\"wp-block-image size-full is-resized\"><img decoding=\"async\" src=\"https:\/\/paellamarisol.com\/wp-content\/uploads\/2023\/06\/crowdpic21.jpeg\" alt=\"StreetFood Montr\u00e9al\" class=\"wp-image-17920\" width=\"774\" height=\"515\"\/><\/figure>\n\n\n\n<p>StreetFood Montr\u00e9al brings together a dozen of Montreal restaurants and chefs at the Old Port, offering a variety of Latin, European, and Asian dishes. Also on the menu: inflatable games and special performances!<\/p>\n\n\n\n<p>Join us on July 13th, 14th, 15th, and 16th<\/p>\n\n\n\n<p>For more informations : <\/p>\n\n\n\n<p><a href=\"https:\/\/www.festivalstreetfoodmontreal.com\/\" target=\"_blank\" rel=\"noopener\">FESTIVAL STREETFOOD MONTREAL<\/a><\/p>\n\n\n\n<h2 class=\"wp-block-heading\">3. <strong>Festival des bi\u00e8res de Laval<\/strong><\/h2>\n\n\n\n<figure class=\"wp-block-image size-full is-resized\"><img decoding=\"async\" src=\"https:\/\/paellamarisol.com\/wp-content\/uploads\/2023\/06\/Capture-de\u0301cran-le-2023-06-30-a\u0300-13.39.00.jpg\" alt=\"Festival des bi\u00e8res de Laval\" class=\"wp-image-17922\" width=\"606\" height=\"623\" srcset=\"https:\/\/paellamarisol.com\/wp-content\/uploads\/2023\/06\/Capture-de\u0301cran-le-2023-06-30-a\u0300-13.39.00-485x500.jpg 485w, https:\/\/paellamarisol.com\/wp-content\/uploads\/2023\/06\/Capture-de\u0301cran-le-2023-06-30-a\u0300-13.39.00-600x618.jpg 600w, https:\/\/paellamarisol.com\/wp-content\/uploads\/2023\/06\/Capture-de\u0301cran-le-2023-06-30-a\u0300-13.39.00-50x50.jpg 50w\" sizes=\"(max-width: 606px) 100vw, 606px\" \/><\/figure>\n\n\n\n<p>The Festival de bi\u00e8res de Laval brings together 85 exhibitors, including over 40 Quebec microbreweries. Nothing is more refreshing than a good beer to accompany your paella! A variety of activities are also offered, including brewing workshops and comedy shows. <\/p>\n\n\n\n<p>Join us on July 14th, 15th, and 16th<\/p>\n\n\n\n<p>For more informations : <a href=\"https:\/\/www.festivaldesbieresdelaval.com\/\" target=\"_blank\" rel=\"noopener\">Festival des Bi\u00e8res de Laval<\/a><\/p>\n\n\n\n<h2 class=\"wp-block-heading\">4. Ha\u00efti en folie<\/h2>\n\n\n\n<figure class=\"wp-block-image size-full is-resized\"><img loading=\"lazy\" decoding=\"async\" src=\"https:\/\/paellamarisol.com\/wp-content\/uploads\/2023\/06\/36.jpg\" alt=\"Ha\u00efti en folie\" class=\"wp-image-17924\" width=\"799\" height=\"400\" srcset=\"https:\/\/paellamarisol.com\/wp-content\/uploads\/2023\/06\/36.jpg 960w, https:\/\/paellamarisol.com\/wp-content\/uploads\/2023\/06\/36-500x250.jpg 500w, https:\/\/paellamarisol.com\/wp-content\/uploads\/2023\/06\/36-768x384.jpg 768w, https:\/\/paellamarisol.com\/wp-content\/uploads\/2023\/06\/36-600x300.jpg 600w\" sizes=\"(max-width: 799px) 100vw, 799px\" \/><\/figure>\n\n\n\n<p>Ha\u00efti en Folie is the largest festival dedicated to Haitian culture outside of Haiti. Its mission is to promote Haitian culture in all its aspects, from music and literature to gastronomy and cinema. It is truly an event not to be missed!<\/p>\n\n\n\n<p>Join us on July 29th and 30th<\/p>\n\n\n\n<p>For more informations : <a href=\"https:\/\/montreal.haitienfolie.com\/\" target=\"_blank\" rel=\"noopener\">Ha\u00efti en Folie<\/a><\/p>\n\n\n\n<h2 class=\"wp-block-heading\">5. <strong>Festi Jazz Mont-Tremblant<\/strong><\/h2>\n\n\n\n<figure class=\"wp-block-image size-large is-resized\"><img loading=\"lazy\" decoding=\"async\" src=\"https:\/\/paellamarisol.com\/wp-content\/uploads\/2023\/06\/300120633_5350854874999657_8340052768276181318_n-2000x1334.jpeg\" alt=\"Festi Jazz Mont-Tremblant\" class=\"wp-image-17926\" width=\"783\" height=\"522\" srcset=\"https:\/\/paellamarisol.com\/wp-content\/uploads\/2023\/06\/300120633_5350854874999657_8340052768276181318_n-2000x1334.jpeg 2000w, https:\/\/paellamarisol.com\/wp-content\/uploads\/2023\/06\/300120633_5350854874999657_8340052768276181318_n-500x333.jpeg 500w, https:\/\/paellamarisol.com\/wp-content\/uploads\/2023\/06\/300120633_5350854874999657_8340052768276181318_n-768x512.jpeg 768w, https:\/\/paellamarisol.com\/wp-content\/uploads\/2023\/06\/300120633_5350854874999657_8340052768276181318_n-1536x1025.jpeg 1536w, https:\/\/paellamarisol.com\/wp-content\/uploads\/2023\/06\/300120633_5350854874999657_8340052768276181318_n-600x400.jpeg 600w, https:\/\/paellamarisol.com\/wp-content\/uploads\/2023\/06\/300120633_5350854874999657_8340052768276181318_n.jpeg 2048w\" sizes=\"(max-width: 783px) 100vw, 783px\" \/><\/figure>\n\n\n\n<p>Le Festi Jazz Mont-Tremblant showcases the cream of the crop of jazz artists from Quebec and Canada. Attend over 40 concerts under the Laurentian sun, and best of all, it&#8217;s free!<\/p>\n\n\n\n<p>Join us on August 2nd, 3rd, 4th, 5th, and 6th<br>For more informations : <a href=\"https:\/\/jazztremblant.com\/\" target=\"_blank\" rel=\"noopener\">Festi Jazz Mont Tremblant<\/a><\/p>\n\n\n\n<h2 class=\"wp-block-heading\">6. <strong>Fiert\u00e9 Montr\u00e9al<\/strong><\/h2>\n\n\n\n<figure class=\"wp-block-image size-full is-resized\"><img loading=\"lazy\" decoding=\"async\" src=\"https:\/\/paellamarisol.com\/wp-content\/uploads\/2023\/06\/AccueilDefileEntete_2023-05-03-155022_jzge.jpeg\" alt=\"Fiert\u00e9 Montr\u00e9al\" class=\"wp-image-17928\" width=\"800\" height=\"449\" srcset=\"https:\/\/paellamarisol.com\/wp-content\/uploads\/2023\/06\/AccueilDefileEntete_2023-05-03-155022_jzge.jpeg 1920w, https:\/\/paellamarisol.com\/wp-content\/uploads\/2023\/06\/AccueilDefileEntete_2023-05-03-155022_jzge-500x281.jpeg 500w, https:\/\/paellamarisol.com\/wp-content\/uploads\/2023\/06\/AccueilDefileEntete_2023-05-03-155022_jzge-768x432.jpeg 768w, https:\/\/paellamarisol.com\/wp-content\/uploads\/2023\/06\/AccueilDefileEntete_2023-05-03-155022_jzge-1536x864.jpeg 1536w, https:\/\/paellamarisol.com\/wp-content\/uploads\/2023\/06\/AccueilDefileEntete_2023-05-03-155022_jzge-600x338.jpeg 600w\" sizes=\"(max-width: 800px) 100vw, 800px\" \/><\/figure>\n\n\n\n<p>This is nothing less than the largest festival for 2SLGBTQIA+ communities in the Francophonie! It&#8217;s an event not to be missed, where performances, conferences, parades, and much more celebrate and showcase sexual and gender diversity. <\/p>\n\n\n\n<p>Join us on August 9th, 10th, 11th, 12th, and 13th<br>For more informations : <a href=\"https:\/\/fiertemontreal.com\/fr\" target=\"_blank\" rel=\"noopener\">Fiert\u00e9 Montr\u00e9al amplifie les voix et les exp\u00e9riences des personnes 2SLGbtqia+<\/a><\/p>\n\n\n\n<h2 class=\"wp-block-heading\">7. <strong>International de Montgolfi\u00e8res de Saint-Jean-sur-Richelieu<\/strong><\/h2>\n\n\n\n<figure class=\"wp-block-image size-full is-resized\"><img loading=\"lazy\" decoding=\"async\" src=\"https:\/\/paellamarisol.com\/wp-content\/uploads\/2023\/06\/20220814-125-lgc-1024x683-1.jpg\" alt=\"International de Montgolfi\u00e8res de Saint-Jean-sur-Richelieu\" class=\"wp-image-17930\" width=\"790\" height=\"526\" srcset=\"https:\/\/paellamarisol.com\/wp-content\/uploads\/2023\/06\/20220814-125-lgc-1024x683-1.jpg 1024w, https:\/\/paellamarisol.com\/wp-content\/uploads\/2023\/06\/20220814-125-lgc-1024x683-1-500x333.jpg 500w, https:\/\/paellamarisol.com\/wp-content\/uploads\/2023\/06\/20220814-125-lgc-1024x683-1-768x512.jpg 768w, https:\/\/paellamarisol.com\/wp-content\/uploads\/2023\/06\/20220814-125-lgc-1024x683-1-600x400.jpg 600w\" sizes=\"(max-width: 790px) 100vw, 790px\" \/><\/figure>\n\n\n\n<p>Are you ready to be amazed by the magic of hot air balloons? The Saint-Jean-sur-Richelieu Hot Air Balloon Festival aims to provide an out-of-this-world experience for all its festival-goers. Music, rides, delicious food, and of course&#8230; hot air balloons are all part of the experience.<\/p>\n\n\n\n<p>Join us on August 11th, 12th, and 13th, as well as on August 17th, 18th, 19th, and 20th<\/p>\n\n\n\n<p>For more informations : <a href=\"https:\/\/www.montgolfieres.com\/\" target=\"_blank\" rel=\"noopener\">International de Montgolfi\u00e8res<\/a><\/p>\n\n\n\n<h2 class=\"wp-block-heading\">8. <strong>Festival Octenbulle de Mascouche<\/strong><\/h2>\n\n\n\n<figure class=\"wp-block-image size-large is-resized\"><img loading=\"lazy\" decoding=\"async\" src=\"https:\/\/paellamarisol.com\/wp-content\/uploads\/2023\/06\/215869528_2814133605565811_1384758012335571464_n-2000x1333.jpeg\" alt=\"Festival Octenbulle de Mascouche\" class=\"wp-image-17932\" width=\"792\" height=\"525\"\/><\/figure>\n\n\n\n<p>Here&#8217;s a spirits and mixology festival you won&#8217;t want to miss, where you can meet passionate distillers, brewers, local producers, and importers. Taste unique products and let yourself be carried away by the music of the DJ!<\/p>\n\n\n\n<p>Join us on August 17th, 18th, 19th, and 20th<\/p>\n\n\n\n<p>For more informations : <a href=\"https:\/\/octenbulle.com\/\" target=\"_blank\" rel=\"noopener\">Festival Octenbulle<\/a><\/p>\n\n\n\n<h2 class=\"wp-block-heading\">9. <strong>Festibi\u00e8re de Qu\u00e9bec<\/strong><\/h2>\n\n\n\n<figure class=\"wp-block-image size-large is-resized\"><img loading=\"lazy\" decoding=\"async\" src=\"https:\/\/paellamarisol.com\/wp-content\/uploads\/2023\/06\/LeFestibiereQuebec-2000x1333.jpg\" alt=\"Festibi\u00e8re de Qu\u00e9bec\" class=\"wp-image-17934\" width=\"797\" height=\"530\" srcset=\"https:\/\/paellamarisol.com\/wp-content\/uploads\/2023\/06\/LeFestibiereQuebec-2000x1333.jpg 2000w, https:\/\/paellamarisol.com\/wp-content\/uploads\/2023\/06\/LeFestibiereQuebec-500x333.jpg 500w, https:\/\/paellamarisol.com\/wp-content\/uploads\/2023\/06\/LeFestibiereQuebec-768x512.jpg 768w, https:\/\/paellamarisol.com\/wp-content\/uploads\/2023\/06\/LeFestibiereQuebec-1536x1024.jpg 1536w, https:\/\/paellamarisol.com\/wp-content\/uploads\/2023\/06\/LeFestibiereQuebec-600x400.jpg 600w, https:\/\/paellamarisol.com\/wp-content\/uploads\/2023\/06\/LeFestibiereQuebec.jpg 2048w\" sizes=\"(max-width: 797px) 100vw, 797px\" \/><\/figure>\n\n\n\n<p>Are you a beer enthusiast? Festibi\u00e8re is the ultimate event for craft beer enthusiasts. There are over 360 products to taste in a festive atmosphere by the waterfront.<\/p>\n\n\n\n<p>Join us on August 17th, 18th, 19th, and 20th<\/p>\n\n\n\n<p>For more informations : <a href=\"https:\/\/infofestibiere.com\/quebec\/\" target=\"_blank\" rel=\"noopener\">Le Festibi\u00e8re de Qu\u00e9bec &#8211; Quais de l&#8217;espace 400e<\/a><\/p>\n\n\n\n<h2 class=\"wp-block-heading\">10. <strong>Les F\u00eates gourmandes de Neuville<\/strong><\/h2>\n\n\n\n<figure class=\"wp-block-image size-full is-resized\"><img loading=\"lazy\" decoding=\"async\" src=\"https:\/\/paellamarisol.com\/wp-content\/uploads\/2023\/06\/43514748_1645332298904617_6323469127151255552_n.jpeg\" alt=\"Les F\u00eates gourmandes de Neuville\" class=\"wp-image-17936\" width=\"812\" height=\"540\" srcset=\"https:\/\/paellamarisol.com\/wp-content\/uploads\/2023\/06\/43514748_1645332298904617_6323469127151255552_n.jpeg 1944w, https:\/\/paellamarisol.com\/wp-content\/uploads\/2023\/06\/43514748_1645332298904617_6323469127151255552_n-500x333.jpeg 500w, https:\/\/paellamarisol.com\/wp-content\/uploads\/2023\/06\/43514748_1645332298904617_6323469127151255552_n-768x512.jpeg 768w, https:\/\/paellamarisol.com\/wp-content\/uploads\/2023\/06\/43514748_1645332298904617_6323469127151255552_n-1536x1024.jpeg 1536w, https:\/\/paellamarisol.com\/wp-content\/uploads\/2023\/06\/43514748_1645332298904617_6323469127151255552_n-600x400.jpeg 600w\" sizes=\"(max-width: 812px) 100vw, 812px\" \/><\/figure>\n\n\n\n<p>This festival highlights local products, regional microbrewery beers, and the famous sweet corn from Neuville. Join, among others, the beloved Quebec entertainer Gregory Charles, who will host a lively evening!<\/p>\n\n\n\n<p>Join us on August 25th, 26th, and 27th <br>For more informations : <a href=\"https:\/\/www.fetesgourmandesneuville.com\/\" target=\"_blank\" rel=\"noopener\">Les F\u00eates gourmandes de Neuville<\/a><\/p>\n\n\n\n<h2 class=\"wp-block-heading\">11. <strong>Bi\u00e8res et Saveurs de Chambly<\/strong><\/h2>\n\n\n\n<figure class=\"wp-block-image size-full is-resized\"><img loading=\"lazy\" decoding=\"async\" src=\"https:\/\/paellamarisol.com\/wp-content\/uploads\/2023\/06\/344861256_812100650332235_1396082985565119253_n.jpeg\" alt=\"Bi\u00e8res et Saveurs de Chambly\" class=\"wp-image-17938\" width=\"400\" height=\"400\" srcset=\"https:\/\/paellamarisol.com\/wp-content\/uploads\/2023\/06\/344861256_812100650332235_1396082985565119253_n.jpeg 1080w, https:\/\/paellamarisol.com\/wp-content\/uploads\/2023\/06\/344861256_812100650332235_1396082985565119253_n-500x500.jpeg 500w, https:\/\/paellamarisol.com\/wp-content\/uploads\/2023\/06\/344861256_812100650332235_1396082985565119253_n-150x150.jpeg 150w, https:\/\/paellamarisol.com\/wp-content\/uploads\/2023\/06\/344861256_812100650332235_1396082985565119253_n-768x768.jpeg 768w, https:\/\/paellamarisol.com\/wp-content\/uploads\/2023\/06\/344861256_812100650332235_1396082985565119253_n-300x300.jpeg 300w, https:\/\/paellamarisol.com\/wp-content\/uploads\/2023\/06\/344861256_812100650332235_1396082985565119253_n-600x600.jpeg 600w, https:\/\/paellamarisol.com\/wp-content\/uploads\/2023\/06\/344861256_812100650332235_1396082985565119253_n-100x100.jpeg 100w, https:\/\/paellamarisol.com\/wp-content\/uploads\/2023\/06\/344861256_812100650332235_1396082985565119253_n-50x50.jpeg 50w\" sizes=\"(max-width: 400px) 100vw, 400px\" \/><\/figure>\n\n\n\n<p>On the program, as you may have guessed: beer, beer, and more beer! No kidding, Bi\u00e8res et Saveurs de Chambly offers a variety of craft beverages, music performances, activities for children, and much more. <\/p>\n\n\n\n<p>Join us on September 1st, 2nd, 3rd, and 4th<\/p>\n\n\n\n<p>For more informations : <a href=\"https:\/\/www.bieresetsaveurs.com\/\" target=\"_blank\" rel=\"noopener\">Bi\u00e8res et Saveurs de Chambly<\/a><\/p>\n\n\n\n<h2 class=\"wp-block-heading\">12. <strong>Latin Sparks Ottawa<\/strong><\/h2>\n\n\n\n<figure class=\"wp-block-image size-large\"><img loading=\"lazy\" decoding=\"async\" width=\"2000\" height=\"1335\" src=\"https:\/\/paellamarisol.com\/wp-content\/uploads\/2023\/06\/304756350_1203854703523803_6634157563936292303_n-2000x1335.jpeg\" alt=\"\" class=\"wp-image-17940\" srcset=\"https:\/\/paellamarisol.com\/wp-content\/uploads\/2023\/06\/304756350_1203854703523803_6634157563936292303_n-2000x1335.jpeg 2000w, https:\/\/paellamarisol.com\/wp-content\/uploads\/2023\/06\/304756350_1203854703523803_6634157563936292303_n-500x334.jpeg 500w, https:\/\/paellamarisol.com\/wp-content\/uploads\/2023\/06\/304756350_1203854703523803_6634157563936292303_n-768x513.jpeg 768w, https:\/\/paellamarisol.com\/wp-content\/uploads\/2023\/06\/304756350_1203854703523803_6634157563936292303_n-1536x1025.jpeg 1536w, https:\/\/paellamarisol.com\/wp-content\/uploads\/2023\/06\/304756350_1203854703523803_6634157563936292303_n-600x400.jpeg 600w, https:\/\/paellamarisol.com\/wp-content\/uploads\/2023\/06\/304756350_1203854703523803_6634157563936292303_n.jpeg 2048w\" sizes=\"(max-width: 2000px) 100vw, 2000px\" \/><\/figure>\n\n\n\n<p>How about some salsa, merengue, or reggaeton? Latin Sparks is the largest Latin culture festival in Canada. Live performances, food trucks, dance classes, and much more await you there!<\/p>\n\n\n\n<p>Join us on September 9th<\/p>\n\n\n\n<p>For more informations : <a href=\"https:\/\/www.latinsparks.ca\/ottawa\" target=\"_blank\" rel=\"noopener\">Buy Tickets \u2013 Latin Sparks Festival Ottawa 2023<\/a><\/p>\n\n\n\n<p><\/p>\n","protected":false},"excerpt":{"rendered":"<p>Do you have a festive spirit like us at Paella Marisol? We present to you our selection of vibrant events for the summer season of 2023. The festivals of Quebec and the surrounding areas offer a multitude of captivating experiences, transporting festival-goers into a whirlwind of music, art, and contagious joy. The festivals in Quebec [&hellip;]<\/p>\n","protected":false},"author":688,"featured_media":17919,"comment_status":"open","ping_status":"open","sticky":false,"template":"","format":"standard","meta":{"_acf_changed":false,"_mo_disable_npp":"","footnotes":""},"categories":[35],"tags":[],"class_list":["post-17943","post","type-post","status-publish","format-standard","has-post-thumbnail","hentry","category-uncategorized"],"acf":[],"_links":{"self":[{"href":"https:\/\/paellamarisol.com\/en\/wp-json\/wp\/v2\/posts\/17943","targetHints":{"allow":["GET"]}}],"collection":[{"href":"https:\/\/paellamarisol.com\/en\/wp-json\/wp\/v2\/posts"}],"about":[{"href":"https:\/\/paellamarisol.com\/en\/wp-json\/wp\/v2\/types\/post"}],"author":[{"embeddable":true,"href":"https:\/\/paellamarisol.com\/en\/wp-json\/wp\/v2\/users\/688"}],"replies":[{"embeddable":true,"href":"https:\/\/paellamarisol.com\/en\/wp-json\/wp\/v2\/comments?post=17943"}],"version-history":[{"count":0,"href":"https:\/\/paellamarisol.com\/en\/wp-json\/wp\/v2\/posts\/17943\/revisions"}],"wp:featuredmedia":[{"embeddable":true,"href":"https:\/\/paellamarisol.com\/en\/wp-json\/wp\/v2\/media\/17919"}],"wp:attachment":[{"href":"https:\/\/paellamarisol.com\/en\/wp-json\/wp\/v2\/media?parent=17943"}],"wp:term":[{"taxonomy":"category","embeddable":true,"href":"https:\/\/paellamarisol.com\/en\/wp-json\/wp\/v2\/categories?post=17943"},{"taxonomy":"post_tag","embeddable":true,"href":"https:\/\/paellamarisol.com\/en\/wp-json\/wp\/v2\/tags?post=17943"}],"curies":[{"name":"wp","href":"https:\/\/api.w.org\/{rel}","templated":true}]}}